{"id":400,"date":"2021-09-06T21:37:25","date_gmt":"2021-09-06T19:37:25","guid":{"rendered":"http:\/\/ff-weisenau.de\/jf\/?p=400"},"modified":"2021-09-06T21:47:33","modified_gmt":"2021-09-06T19:47:33","slug":"wir-suchen-verstaerkung","status":"publish","type":"post","link":"http:\/\/ff-weisenau.de\/jf\/?p=400","title":{"rendered":"Wir suchen Verst\u00e4rkung!"},"content":{"rendered":"\n<p>Der \u00dcbungsbetrieb unserer Jugendfeuerwehr ist nach den Sommerferien wieder gestartet!<\/p>\n\n\n\n<p>Die erste \u00dcbung der Jugendfeuerwehr haben wir genutzt, um gemeinsam gro\u00dfe Banner zur Mitgliederwerbung am Ger\u00e4tehaus aufzuh\u00e4ngen.<\/p>\n\n\n\n<p>Unsere Jugendfeuerwehr freut sich \u00fcber neue interessierte Jugendliche, die Interesse haben mitzumachen.<\/p>\n\n\n\n<p>Wenn ihr Jugendliche zwischen zehn und 16 Jahren kennt, die sich f\u00fcr die Feuerwehr interessieren, schreibt uns gerne per Facebook oder per E-Mail (<a href=\"mailto:weisenau@jf-mainz.de\">weisenau@jf-mainz.de<\/a>).<\/p>\n\n\n\n<p>Die \u00dcbungen finden jeden Montag ab 18 Uhr statt.<\/p>\n\n\n\n<p><\/p>\n\n\n\n<p><\/p>\n\n\n\n<p><\/p>\n\n\n\n<p><\/p>\n\n\n\n<p><\/p>\n\n\n\n<figure class=\"wp-block-image size-full\"><a href=\"http:\/\/ff-weisenau.de\/jf\/wp-content\/uploads\/2021\/09\/Flyer-JF.jpg\"><img loading=\"lazy\" decoding=\"async\" width=\"401\" height=\"565\" src=\"http:\/\/ff-weisenau.de\/jf\/wp-content\/uploads\/2021\/09\/Flyer-JF.jpg\" alt=\"\" class=\"wp-image-402\" srcset=\"http:\/\/ff-weisenau.de\/jf\/wp-content\/uploads\/2021\/09\/Flyer-JF.jpg 401w, http:\/\/ff-weisenau.de\/jf\/wp-content\/uploads\/2021\/09\/Flyer-JF-213x300.jpg 213w, http:\/\/ff-weisenau.de\/jf\/wp-content\/uploads\/2021\/09\/Flyer-JF-106x150.jpg 106w\" sizes=\"auto, (max-width: 401px) 100vw, 401px\" \/><\/a><\/figure>\n","protected":false},"excerpt":{"rendered":"<p>Der \u00dcbungsbetrieb unserer Jugendfeuerwehr ist nach den Sommerferien wieder gestartet! Die erste \u00dcbung der Jugendfeuerwehr haben wir genutzt, um gemeinsam gro\u00dfe Banner zur Mitgliederwerbung am Ger\u00e4tehaus aufzuh\u00e4ngen. Unsere Jugendfeuerwehr freut\u2026<\/p>\n<p> <a class=\"continue-reading-link\" href=\"http:\/\/ff-weisenau.de\/jf\/?p=400\"><span>Mehr&#8230;<\/span><i class=\"crycon-right-dir\"><\/i><\/a> <\/p>\n","protected":false},"author":2,"featured_media":0,"comment_status":"closed","ping_status":"closed","sticky":false,"template":"","format":"standard","meta":{"footnotes":""},"categories":[1],"tags":[],"class_list":["post-400","post","type-post","status-publish","format-standard","hentry","category-allgemein"],"_links":{"self":[{"href":"http:\/\/ff-weisenau.de\/jf\/index.php?rest_route=\/wp\/v2\/posts\/400","targetHints":{"allow":["GET"]}}],"collection":[{"href":"http:\/\/ff-weisenau.de\/jf\/index.php?rest_route=\/wp\/v2\/posts"}],"about":[{"href":"http:\/\/ff-weisenau.de\/jf\/index.php?rest_route=\/wp\/v2\/types\/post"}],"author":[{"embeddable":true,"href":"http:\/\/ff-weisenau.de\/jf\/index.php?rest_route=\/wp\/v2\/users\/2"}],"replies":[{"embeddable":true,"href":"http:\/\/ff-weisenau.de\/jf\/index.php?rest_route=%2Fwp%2Fv2%2Fcomments&post=400"}],"version-history":[{"count":3,"href":"http:\/\/ff-weisenau.de\/jf\/index.php?rest_route=\/wp\/v2\/posts\/400\/revisions"}],"predecessor-version":[{"id":405,"href":"http:\/\/ff-weisenau.de\/jf\/index.php?rest_route=\/wp\/v2\/posts\/400\/revisions\/405"}],"wp:attachment":[{"href":"http:\/\/ff-weisenau.de\/jf\/index.php?rest_route=%2Fwp%2Fv2%2Fmedia&parent=400"}],"wp:term":[{"taxonomy":"category","embeddable":true,"href":"http:\/\/ff-weisenau.de\/jf\/index.php?rest_route=%2Fwp%2Fv2%2Fcategories&post=400"},{"taxonomy":"post_tag","embeddable":true,"href":"http:\/\/ff-weisenau.de\/jf\/index.php?rest_route=%2Fwp%2Fv2%2Ftags&post=400"}],"curies":[{"name":"wp","href":"https:\/\/api.w.org\/{rel}","templated":true}]}}