{"id":207,"date":"2017-11-15T17:50:09","date_gmt":"2017-11-15T16:50:09","guid":{"rendered":"http:\/\/ff-weisenau.de\/jf\/?p=207"},"modified":"2017-12-04T15:53:03","modified_gmt":"2017-12-04T14:53:03","slug":"tag-wie-bei-der-berufsfeuerwehr-2017","status":"publish","type":"post","link":"http:\/\/ff-weisenau.de\/jf\/?p=207","title":{"rendered":"Tag wie bei der Berufsfeuerwehr 2017"},"content":{"rendered":"<p>Am 11.11 und 12.11.2017 fand der Berufsfeuerwehrtag der Jugendfeuerwehren Mainz Laubenheim und Weisenau statt, hierbei unterst\u00fctzen uns die ehrenamtlichen Kr\u00e4fte des Malteser Rettungsdienstes.<\/p>\n<p>Schon am Morgen traten die Jugendlichen ihren Dienst in der Fahrzeughalle an. Ihnen wurden ihre Aufgaben auf den drei L\u00f6schfahrzeugen und in der Leitstelle zugewiesen.<\/p>\n<p>Sobald ein \u201eNotruf\u201c in der Leitstelle einging, wurde dieser Anruf von den Jugendlichen angenommen, dokumentiert und den Fahrzeugen zugeordnet. Die jungen Feuerwehrleute fuhren daraufhin, wie bei der Berufsfeuerwehr, zu den nachgestellten Eins\u00e4tzen, die von ihren Betreuern schon Wochen vorher organisiert und geplant wurden.<\/p>\n<p>Es wurde ein breites Einsatzspektrum geboten. Von Menschenrettung \u00fcber Br\u00e4nde, die gel\u00f6scht werden mussten, bis hin zu Verkehrsunf\u00e4llen konnte jeder Ernstfall geprobt werden.<\/p>\n<p>Am sp\u00e4ten Abend schaut ein Teil einen Film, die anderen waren so erledigt von den Eins\u00e4tzen, dass sie fr\u00fchzeitig schlafen gingen, um sich von dem anstrengenden Tag zu erholen. Doch der Schlaf\u00a0 w\u00e4hrte nicht lange,\u00a0da sie nachts zu einem Einsatz gerufen wurden.<\/p>\n<p>Am Morgen des 12.11.2017 lie\u00dfen die Jugendfeuerwehren und der Rettungsdienst diesen Tag mit einem gemeinsamen Gruppenfoto und einem Fr\u00fchst\u00fcck ausklingen.<\/p>\n<p>&nbsp;<\/p>\n<p>Melina<\/p>\n<p>&nbsp;<\/p>\n<p>&nbsp;<\/p>\n","protected":false},"excerpt":{"rendered":"<p>Am 11.11 und 12.11.2017 fand der Berufsfeuerwehrtag der Jugendfeuerwehren Mainz Laubenheim und Weisenau statt, hierbei unterst\u00fctzen uns die ehrenamtlichen Kr\u00e4fte des Malteser Rettungsdienstes. Schon am Morgen traten die Jugendlichen ihren\u2026<\/p>\n<p> <a class=\"continue-reading-link\" href=\"http:\/\/ff-weisenau.de\/jf\/?p=207\"><span>Mehr&#8230;<\/span><i class=\"crycon-right-dir\"><\/i><\/a> <\/p>\n","protected":false},"author":2,"featured_media":0,"comment_status":"closed","ping_status":"closed","sticky":false,"template":"","format":"standard","meta":{"footnotes":""},"categories":[1],"tags":[],"class_list":["post-207","post","type-post","status-publish","format-standard","hentry","category-allgemein"],"_links":{"self":[{"href":"http:\/\/ff-weisenau.de\/jf\/index.php?rest_route=\/wp\/v2\/posts\/207","targetHints":{"allow":["GET"]}}],"collection":[{"href":"http:\/\/ff-weisenau.de\/jf\/index.php?rest_route=\/wp\/v2\/posts"}],"about":[{"href":"http:\/\/ff-weisenau.de\/jf\/index.php?rest_route=\/wp\/v2\/types\/post"}],"author":[{"embeddable":true,"href":"http:\/\/ff-weisenau.de\/jf\/index.php?rest_route=\/wp\/v2\/users\/2"}],"replies":[{"embeddable":true,"href":"http:\/\/ff-weisenau.de\/jf\/index.php?rest_route=%2Fwp%2Fv2%2Fcomments&post=207"}],"version-history":[{"count":3,"href":"http:\/\/ff-weisenau.de\/jf\/index.php?rest_route=\/wp\/v2\/posts\/207\/revisions"}],"predecessor-version":[{"id":210,"href":"http:\/\/ff-weisenau.de\/jf\/index.php?rest_route=\/wp\/v2\/posts\/207\/revisions\/210"}],"wp:attachment":[{"href":"http:\/\/ff-weisenau.de\/jf\/index.php?rest_route=%2Fwp%2Fv2%2Fmedia&parent=207"}],"wp:term":[{"taxonomy":"category","embeddable":true,"href":"http:\/\/ff-weisenau.de\/jf\/index.php?rest_route=%2Fwp%2Fv2%2Fcategories&post=207"},{"taxonomy":"post_tag","embeddable":true,"href":"http:\/\/ff-weisenau.de\/jf\/index.php?rest_route=%2Fwp%2Fv2%2Ftags&post=207"}],"curies":[{"name":"wp","href":"https:\/\/api.w.org\/{rel}","templated":true}]}}