{"id":117,"date":"2015-04-29T13:22:26","date_gmt":"2015-04-29T11:22:26","guid":{"rendered":"http:\/\/ff-weisenau.de\/jf\/?p=117"},"modified":"2015-04-29T13:22:26","modified_gmt":"2015-04-29T11:22:26","slug":"sieger-der-fussball-stadtmeisterschaft-2015","status":"publish","type":"post","link":"http:\/\/ff-weisenau.de\/jf\/?p=117","title":{"rendered":"Sieger der Fussball-Stadtmeisterschaft 2015"},"content":{"rendered":"<p>Liebe Fans der JF-Weisenau,<\/p>\n<p>die Jugendfeuerwehr Weisenau hatte in diesem Jahr endlich wieder bei den Fussball-Stadtmeisterschaften teilnehmen k\u00f6nnen.<br \/>\nZwei Teams waren von Weisenau im Rennen.<br \/>\nW\u00e4hrend das eine Team sich wacker schlagen konnte, reichte es immerhin f\u00fcr den vorletzten Platz aus.<br \/>\nUnser anderes Team konnte jedoch tats\u00e4chlich den Sieg davontragen. Im Finale gegen die erste Mannschaft aus Drais schlug sich das Weisenauer Team standhaft gegen einen Favoriten.<br \/>\nSomit konnte die anhaltende Siegesserie von Drais unterbrochen werden und wir konnten den Siegerpokal und den Wanderpokal mit nach Hause nehmen.<br \/>\nAls kleinen Bonus heimste sich Eduardo M. die Auszeichnung f\u00fcr den Torsch\u00fctzenk\u00f6nig 2015 ein.<\/p>\n<p>Wir gratulieren ihm und seiner Mannschaft zu diesem famosen Sieg!<\/p>\n<p>&nbsp;<\/p>\n<p>&nbsp;<\/p>\n","protected":false},"excerpt":{"rendered":"<p>Liebe Fans der JF-Weisenau, die Jugendfeuerwehr Weisenau hatte in diesem Jahr endlich wieder bei den Fussball-Stadtmeisterschaften teilnehmen k\u00f6nnen. Zwei Teams waren von Weisenau im Rennen. W\u00e4hrend das eine Team sich\u2026<\/p>\n<p> <a class=\"continue-reading-link\" href=\"http:\/\/ff-weisenau.de\/jf\/?p=117\"><span>Mehr&#8230;<\/span><i class=\"crycon-right-dir\"><\/i><\/a> <\/p>\n","protected":false},"author":1,"featured_media":0,"comment_status":"closed","ping_status":"closed","sticky":false,"template":"","format":"standard","meta":{"footnotes":""},"categories":[1],"tags":[],"class_list":["post-117","post","type-post","status-publish","format-standard","hentry","category-allgemein"],"_links":{"self":[{"href":"http:\/\/ff-weisenau.de\/jf\/index.php?rest_route=\/wp\/v2\/posts\/117","targetHints":{"allow":["GET"]}}],"collection":[{"href":"http:\/\/ff-weisenau.de\/jf\/index.php?rest_route=\/wp\/v2\/posts"}],"about":[{"href":"http:\/\/ff-weisenau.de\/jf\/index.php?rest_route=\/wp\/v2\/types\/post"}],"author":[{"embeddable":true,"href":"http:\/\/ff-weisenau.de\/jf\/index.php?rest_route=\/wp\/v2\/users\/1"}],"replies":[{"embeddable":true,"href":"http:\/\/ff-weisenau.de\/jf\/index.php?rest_route=%2Fwp%2Fv2%2Fcomments&post=117"}],"version-history":[{"count":1,"href":"http:\/\/ff-weisenau.de\/jf\/index.php?rest_route=\/wp\/v2\/posts\/117\/revisions"}],"predecessor-version":[{"id":118,"href":"http:\/\/ff-weisenau.de\/jf\/index.php?rest_route=\/wp\/v2\/posts\/117\/revisions\/118"}],"wp:attachment":[{"href":"http:\/\/ff-weisenau.de\/jf\/index.php?rest_route=%2Fwp%2Fv2%2Fmedia&parent=117"}],"wp:term":[{"taxonomy":"category","embeddable":true,"href":"http:\/\/ff-weisenau.de\/jf\/index.php?rest_route=%2Fwp%2Fv2%2Fcategories&post=117"},{"taxonomy":"post_tag","embeddable":true,"href":"http:\/\/ff-weisenau.de\/jf\/index.php?rest_route=%2Fwp%2Fv2%2Ftags&post=117"}],"curies":[{"name":"wp","href":"https:\/\/api.w.org\/{rel}","templated":true}]}}