{"id":110,"date":"2015-03-05T21:05:32","date_gmt":"2015-03-05T20:05:32","guid":{"rendered":"http:\/\/ff-weisenau.de\/jf\/?p=110"},"modified":"2015-03-28T01:16:32","modified_gmt":"2015-03-28T00:16:32","slug":"deligiertenversammlung-neuer-betreuer-im-team","status":"publish","type":"post","link":"http:\/\/ff-weisenau.de\/jf\/?p=110","title":{"rendered":"Delegiertenversammlung &#038; Neuer Betreuer im Team"},"content":{"rendered":"<p>Am 27.02.2015 fand die Delegiertenversammlung der Jugendfeuerwehr Mainz statt. Neben dem Verlesen der letztj\u00e4hrigen Aktivit\u00e4ten wurde ausserdem der Kassenwart der Stadtjugendfeuerwehrverband neu gew\u00e4hlt. Ab sofort verst\u00e4rkt Dominik Schmidt aus der FF Stadt die Truppe. Weiterhin wurden Termine f\u00fcr die diesj\u00e4hrigen Aktivit\u00e4ten und Turniere bekanntgegeben. Diese werden baldigst nachgereicht.<\/p>\n<p>Au\u00dferdem verst\u00e4rkt Patrik Stephan das Betreuerteam. Er ist seit 2011 in unserer Wehr und bringt frische Ideen und ist mit Eifer bei der Sache.<\/p>\n<p>Liebe Gr\u00fc\u00dfe<\/p>\n<p>Die Betreuer der FF Weisenau<\/p>\n","protected":false},"excerpt":{"rendered":"<p>Am 27.02.2015 fand die Delegiertenversammlung der Jugendfeuerwehr Mainz statt. Neben dem Verlesen der letztj\u00e4hrigen Aktivit\u00e4ten wurde ausserdem der Kassenwart der Stadtjugendfeuerwehrverband neu gew\u00e4hlt. Ab sofort verst\u00e4rkt Dominik Schmidt aus der\u2026<\/p>\n<p> <a class=\"continue-reading-link\" href=\"http:\/\/ff-weisenau.de\/jf\/?p=110\"><span>Mehr&#8230;<\/span><i class=\"crycon-right-dir\"><\/i><\/a> <\/p>\n","protected":false},"author":1,"featured_media":0,"comment_status":"closed","ping_status":"closed","sticky":false,"template":"","format":"standard","meta":{"footnotes":""},"categories":[1],"tags":[],"class_list":["post-110","post","type-post","status-publish","format-standard","hentry","category-allgemein"],"_links":{"self":[{"href":"http:\/\/ff-weisenau.de\/jf\/index.php?rest_route=\/wp\/v2\/posts\/110","targetHints":{"allow":["GET"]}}],"collection":[{"href":"http:\/\/ff-weisenau.de\/jf\/index.php?rest_route=\/wp\/v2\/posts"}],"about":[{"href":"http:\/\/ff-weisenau.de\/jf\/index.php?rest_route=\/wp\/v2\/types\/post"}],"author":[{"embeddable":true,"href":"http:\/\/ff-weisenau.de\/jf\/index.php?rest_route=\/wp\/v2\/users\/1"}],"replies":[{"embeddable":true,"href":"http:\/\/ff-weisenau.de\/jf\/index.php?rest_route=%2Fwp%2Fv2%2Fcomments&post=110"}],"version-history":[{"count":3,"href":"http:\/\/ff-weisenau.de\/jf\/index.php?rest_route=\/wp\/v2\/posts\/110\/revisions"}],"predecessor-version":[{"id":115,"href":"http:\/\/ff-weisenau.de\/jf\/index.php?rest_route=\/wp\/v2\/posts\/110\/revisions\/115"}],"wp:attachment":[{"href":"http:\/\/ff-weisenau.de\/jf\/index.php?rest_route=%2Fwp%2Fv2%2Fmedia&parent=110"}],"wp:term":[{"taxonomy":"category","embeddable":true,"href":"http:\/\/ff-weisenau.de\/jf\/index.php?rest_route=%2Fwp%2Fv2%2Fcategories&post=110"},{"taxonomy":"post_tag","embeddable":true,"href":"http:\/\/ff-weisenau.de\/jf\/index.php?rest_route=%2Fwp%2Fv2%2Ftags&post=110"}],"curies":[{"name":"wp","href":"https:\/\/api.w.org\/{rel}","templated":true}]}}