{"id":106,"date":"2015-01-26T03:49:24","date_gmt":"2015-01-26T02:49:24","guid":{"rendered":"http:\/\/ff-weisenau.de\/jf\/?p=106"},"modified":"2015-01-26T03:50:05","modified_gmt":"2015-01-26T02:50:05","slug":"terminplan-2015-verfuegbar","status":"publish","type":"post","link":"http:\/\/ff-weisenau.de\/jf\/?p=106","title":{"rendered":"Terminplan 2015 verf\u00fcgbar!"},"content":{"rendered":"<p>Der Terminplan f\u00fcr das Jahr 2015 kann nun im Termin-Men\u00fc bezogen werden.<\/p>\n","protected":false},"excerpt":{"rendered":"<p>Der Terminplan f\u00fcr das Jahr 2015 kann nun im Termin-Men\u00fc bezogen werden.<\/p>\n<p> <a class=\"continue-reading-link\" href=\"http:\/\/ff-weisenau.de\/jf\/?p=106\"><span>Mehr&#8230;<\/span><i class=\"crycon-right-dir\"><\/i><\/a> <\/p>\n","protected":false},"author":1,"featured_media":0,"comment_status":"closed","ping_status":"closed","sticky":false,"template":"","format":"standard","meta":{"footnotes":""},"categories":[1],"tags":[],"class_list":["post-106","post","type-post","status-publish","format-standard","hentry","category-allgemein"],"_links":{"self":[{"href":"http:\/\/ff-weisenau.de\/jf\/index.php?rest_route=\/wp\/v2\/posts\/106","targetHints":{"allow":["GET"]}}],"collection":[{"href":"http:\/\/ff-weisenau.de\/jf\/index.php?rest_route=\/wp\/v2\/posts"}],"about":[{"href":"http:\/\/ff-weisenau.de\/jf\/index.php?rest_route=\/wp\/v2\/types\/post"}],"author":[{"embeddable":true,"href":"http:\/\/ff-weisenau.de\/jf\/index.php?rest_route=\/wp\/v2\/users\/1"}],"replies":[{"embeddable":true,"href":"http:\/\/ff-weisenau.de\/jf\/index.php?rest_route=%2Fwp%2Fv2%2Fcomments&post=106"}],"version-history":[{"count":2,"href":"http:\/\/ff-weisenau.de\/jf\/index.php?rest_route=\/wp\/v2\/posts\/106\/revisions"}],"predecessor-version":[{"id":108,"href":"http:\/\/ff-weisenau.de\/jf\/index.php?rest_route=\/wp\/v2\/posts\/106\/revisions\/108"}],"wp:attachment":[{"href":"http:\/\/ff-weisenau.de\/jf\/index.php?rest_route=%2Fwp%2Fv2%2Fmedia&parent=106"}],"wp:term":[{"taxonomy":"category","embeddable":true,"href":"http:\/\/ff-weisenau.de\/jf\/index.php?rest_route=%2Fwp%2Fv2%2Fcategories&post=106"},{"taxonomy":"post_tag","embeddable":true,"href":"http:\/\/ff-weisenau.de\/jf\/index.php?rest_route=%2Fwp%2Fv2%2Ftags&post=106"}],"curies":[{"name":"wp","href":"https:\/\/api.w.org\/{rel}","templated":true}]}}